{"id":786,"date":"2017-01-09T12:20:03","date_gmt":"2017-01-09T11:20:03","guid":{"rendered":"http:\/\/www.snezanadukanac.com\/blog\/?p=786"},"modified":"2017-01-09T12:20:03","modified_gmt":"2017-01-09T11:20:03","slug":"vaseline","status":"publish","type":"post","link":"http:\/\/www.snezanadukanac.com\/blog\/2017\/01\/09\/vaseline\/?lang=fr","title":{"rendered":"Vaseline"},"content":{"rendered":"<p>Bonjour ch\u00e8res amies, comment allez-vous ? Dans le post d\u2019aujourd\u2019hui nous parlerons d\u2019un produit peu couteux qui est largement et efficacement utilis\u00e9 en cosm\u00e9tiques mais qui est trop souvent sous-estim\u00e9. Devinez-vous de quoi il s\u2019agit ? Il est question de la vaseline. Il peut \u00eatre d\u2019une grande utilit\u00e9 dans de nombreuses situations comme lorsque vos l\u00e8vres, vos talons ou vos mains sont s\u00e8ches. Vous pouvez \u00e9galement l\u2019utiliser comme support pour du parfum. En plus du fait que la senteur sera plus intense moins de mati\u00e8res nocives p\u00e9n\u00e9treront dans le flux sanguin. Vous souvenez-vous ? Je vous ai d\u00e9j\u00e0 dit \u00e0 plusieurs reprises que tout ce que l\u2019on applique sur notre peau p\u00e9n\u00e8tre directement dans le sang \u00e0 hauteur de 60% en un temps record de 30 secondes. En plus de tous ce que j\u2019ai d\u00e9j\u00e0 \u00e9num\u00e9r\u00e9, la vaseline est vraiment multi usage et je vais vous donner encore 2 utilisations de ce produit. Lorsque vous vous colorez les cheveux je suis certaine que des traces restent sur la peau, vous pouvez alors les effacer avec de la vaseline. M\u00eame si c\u2019est beaucoup plus simple d\u2019appliquer de la vaseline sur la peau autour de la t\u00eate avant de se teindre les cheveux.<br \/>\nSur mon blog, dans un de mes posts, vous pouvez trouver la recette pour une cr\u00e8me anti rides dont l\u2019un des principaux ingr\u00e9dients est la vaseline. Voici le lien pour cette recette : http:\/\/www.snezanadukanac.com\/blog\/2015\/09\/01\/141\/?lang=fr<br \/>\nVous pouvez \u00e9galement fabriquer vous-m\u00eame de la vaseline \u00e0 la maison. C\u2019est tr\u00e8s simple.<br \/>\nRecette<br \/>\n57g de cire d\u2019abeille BIO<br \/>\n240g d\u2019huile<br \/>\nFaites fondre la cire puis rajoutez l\u2019huile qui convient le mieux \u00e0 votre type de peau. Faites attention lors du choix de l\u2019huile car certaines peuvent \u00eatre nocives lorsqu\u2019elles sont chauff\u00e9es. Je vous recommande de tout c\u0153ur d\u2019utiliser de l\u2019huile de noix de coco ou de l\u2019huile de colza. Vous pourrez utiliser cette vaseline faite maison pour vous d\u00e9maquiller.<br \/>\nCe sera tout pour le post d\u2019aujourd\u2019hui,<br \/>\nSoyez belle, en bonne sant\u00e9 et prenez soin de vous.<br \/>\nA BIENTOT -)))<br \/>\n<\/p>","protected":false},"excerpt":{"rendered":"<p>Bonjour ch\u00e8res amies, comment allez-vous ? Dans le post d\u2019aujourd\u2019hui nous parlerons d\u2019un produit peu couteux qui est largement et efficacement utilis\u00e9 en cosm\u00e9tiques mais qui est trop souvent sous-estim\u00e9. Devinez-vous de quoi il s\u2019agit ? Il est question de la vaseline. Il peut \u00eatre d\u2019une grande utilit\u00e9 dans de &hellip;<\/p>\n","protected":false},"author":3,"featured_media":0,"comment_status":"closed","ping_status":"open","sticky":false,"template":"","format":"standard","meta":[],"categories":[1],"tags":[],"_links":{"self":[{"href":"http:\/\/www.snezanadukanac.com\/blog\/wp-json\/wp\/v2\/posts\/786"}],"collection":[{"href":"http:\/\/www.snezanadukanac.com\/blog\/wp-json\/wp\/v2\/posts"}],"about":[{"href":"http:\/\/www.snezanadukanac.com\/blog\/wp-json\/wp\/v2\/types\/post"}],"author":[{"embeddable":true,"href":"http:\/\/www.snezanadukanac.com\/blog\/wp-json\/wp\/v2\/users\/3"}],"replies":[{"embeddable":true,"href":"http:\/\/www.snezanadukanac.com\/blog\/wp-json\/wp\/v2\/comments?post=786"}],"version-history":[{"count":1,"href":"http:\/\/www.snezanadukanac.com\/blog\/wp-json\/wp\/v2\/posts\/786\/revisions"}],"predecessor-version":[{"id":787,"href":"http:\/\/www.snezanadukanac.com\/blog\/wp-json\/wp\/v2\/posts\/786\/revisions\/787"}],"wp:attachment":[{"href":"http:\/\/www.snezanadukanac.com\/blog\/wp-json\/wp\/v2\/media?parent=786"}],"wp:term":[{"taxonomy":"category","embeddable":true,"href":"http:\/\/www.snezanadukanac.com\/blog\/wp-json\/wp\/v2\/categories?post=786"},{"taxonomy":"post_tag","embeddable":true,"href":"http:\/\/www.snezanadukanac.com\/blog\/wp-json\/wp\/v2\/tags?post=786"}],"curies":[{"name":"wp","href":"https:\/\/api.w.org\/{rel}","templated":true}]}}