{"id":521,"date":"2016-08-05T19:47:10","date_gmt":"2016-08-05T17:47:10","guid":{"rendered":"http:\/\/www.snezanadukanac.com\/blog\/?p=521"},"modified":"2016-08-28T08:39:48","modified_gmt":"2016-08-28T06:39:48","slug":"prirodni-tretman-za-kosu-naturel-traitment-pour-cheveux-natural-hair-treatment","status":"publish","type":"post","link":"http:\/\/www.snezanadukanac.com\/blog\/2016\/08\/05\/prirodni-tretman-za-kosu-naturel-traitment-pour-cheveux-natural-hair-treatment\/?lang=fr","title":{"rendered":"Naturel traitment pour cheveux"},"content":{"rendered":"<p>&nbsp;<\/p>\n<p class=\"alignleft\"><img loading=\"lazy\" class=\"alignnone size-medium wp-image-522 aligncenter\" src=\"http:\/\/www.snezanadukanac.com\/blog\/wp-content\/uploads\/2016\/08\/Novi-Sad-224x300.jpg\" alt=\"Novi Sad\" width=\"224\" height=\"300\" srcset=\"http:\/\/www.snezanadukanac.com\/blog\/wp-content\/uploads\/2016\/08\/Novi-Sad-224x300.jpg 224w, http:\/\/www.snezanadukanac.com\/blog\/wp-content\/uploads\/2016\/08\/Novi-Sad-112x150.jpg 112w, http:\/\/www.snezanadukanac.com\/blog\/wp-content\/uploads\/2016\/08\/Novi-Sad.jpg 716w\" sizes=\"(max-width: 224px) 100vw, 224px\" \/><\/p>\n<p><em>Bonjour ch\u00e8res amies, comment allez-vous? Aujourd&rsquo;hui je d\u00e9die mon post sp\u00e9cialement pour une femme formidable qui \u00e9tait pr\u00e9sente \u00e0 mon s\u00e9minaire <\/em><\/p>\n<p><em>de Novi Sad qui s&rsquo;est tenu le 30.07.2016. Le s\u00e9minaire s&rsquo;est tr\u00e8s bien d\u00e9roul\u00e9, on y sentait l&rsquo;\u00e9nergie positive et de nombreuses personnes merveilleuse \u00e9taient pr\u00e9sentent. Encore une fois merci pour tout.<\/em><\/p>\n<p><em>Les cheveux sont la parure de notre visage et on dit aussi qu&rsquo;ils sont la couronne de la beaut\u00e9 f\u00e9minine. Pour que les cheveux soient beaux, ils doivent avant tout \u00eatre en bonne sant\u00e9 et entretenu. Dans le post d&rsquo;aujourd&rsquo;hui je vous offre une recette russe pour avoir de beaux cheveux en bonne sant\u00e9.<\/em><\/p>\n<p><em>Verser 2 cuill\u00e8re \u00e0 soupe d&rsquo;eau port\u00e9e \u00e0 \u00e9bullition sur\u00a0 cuill\u00e8re \u00e0 de graines de lin hach\u00e9es. Couvrez le r\u00e9cipient et laissez reposer 20 minutes. Rajoutez ensuite\u00a0 200ml de bi\u00e8re et appliquez abondamment le m\u00e9lange sur vos cheveux. Enveloppez ensuite vos cheveux dans une serviette et laissez 2 heures. Lavez ensuite vos cheveux avec un shampoing doux. Faites ce traitement 1 fois par semaine.<\/em><\/p>\n<p><em>Cette recette a \u00e9t\u00e9 \u00e9lu \u00e0 Moscou la meilleure recette parmi 100 autres recettes pour les traitement naturels.<\/em><\/p>\n<p><em>J&rsquo;esp\u00e8re que cette recette vous plaira et que vous aimerez prendre soin de vos cheveux.<\/em><\/p>\n<p><em>Soyez belles, en bonne sant\u00e9 et prenez soin de vous.<\/em><\/p>\n<p><em>A BIENTOT -)))<\/em><\/p>\n<p>&nbsp;<\/p>","protected":false},"excerpt":{"rendered":"<p>&nbsp; Bonjour ch\u00e8res amies, comment allez-vous? Aujourd&rsquo;hui je d\u00e9die mon post sp\u00e9cialement pour une femme formidable qui \u00e9tait pr\u00e9sente \u00e0 mon s\u00e9minaire de Novi Sad qui s&rsquo;est tenu le 30.07.2016. Le s\u00e9minaire s&rsquo;est tr\u00e8s bien d\u00e9roul\u00e9, on y sentait l&rsquo;\u00e9nergie positive et de nombreuses personnes merveilleuse \u00e9taient pr\u00e9sentent. Encore une &hellip;<\/p>\n","protected":false},"author":3,"featured_media":0,"comment_status":"closed","ping_status":"open","sticky":false,"template":"","format":"standard","meta":[],"categories":[1],"tags":[],"_links":{"self":[{"href":"http:\/\/www.snezanadukanac.com\/blog\/wp-json\/wp\/v2\/posts\/521"}],"collection":[{"href":"http:\/\/www.snezanadukanac.com\/blog\/wp-json\/wp\/v2\/posts"}],"about":[{"href":"http:\/\/www.snezanadukanac.com\/blog\/wp-json\/wp\/v2\/types\/post"}],"author":[{"embeddable":true,"href":"http:\/\/www.snezanadukanac.com\/blog\/wp-json\/wp\/v2\/users\/3"}],"replies":[{"embeddable":true,"href":"http:\/\/www.snezanadukanac.com\/blog\/wp-json\/wp\/v2\/comments?post=521"}],"version-history":[{"count":6,"href":"http:\/\/www.snezanadukanac.com\/blog\/wp-json\/wp\/v2\/posts\/521\/revisions"}],"predecessor-version":[{"id":565,"href":"http:\/\/www.snezanadukanac.com\/blog\/wp-json\/wp\/v2\/posts\/521\/revisions\/565"}],"wp:attachment":[{"href":"http:\/\/www.snezanadukanac.com\/blog\/wp-json\/wp\/v2\/media?parent=521"}],"wp:term":[{"taxonomy":"category","embeddable":true,"href":"http:\/\/www.snezanadukanac.com\/blog\/wp-json\/wp\/v2\/categories?post=521"},{"taxonomy":"post_tag","embeddable":true,"href":"http:\/\/www.snezanadukanac.com\/blog\/wp-json\/wp\/v2\/tags?post=521"}],"curies":[{"name":"wp","href":"https:\/\/api.w.org\/{rel}","templated":true}]}}