{"id":493,"date":"2016-06-15T15:38:28","date_gmt":"2016-06-15T13:38:28","guid":{"rendered":"http:\/\/www.snezanadukanac.com\/blog\/?p=493"},"modified":"2016-08-29T15:52:46","modified_gmt":"2016-08-29T13:52:46","slug":"brza-letnja-maska-masque-de-soin-estival-quick-summer-face-mask","status":"publish","type":"post","link":"http:\/\/www.snezanadukanac.com\/blog\/2016\/06\/15\/brza-letnja-maska-masque-de-soin-estival-quick-summer-face-mask\/?lang=fr","title":{"rendered":"Masque de soin estival"},"content":{"rendered":"<p><img loading=\"lazy\" class=\"size-medium wp-image-494 alignleft\" src=\"http:\/\/www.snezanadukanac.com\/blog\/wp-content\/uploads\/2016\/06\/Paradajz-300x225.jpg\" alt=\"Paradajz\" width=\"300\" height=\"225\" srcset=\"http:\/\/www.snezanadukanac.com\/blog\/wp-content\/uploads\/2016\/06\/Paradajz-300x225.jpg 300w, http:\/\/www.snezanadukanac.com\/blog\/wp-content\/uploads\/2016\/06\/Paradajz-768x576.jpg 768w, http:\/\/www.snezanadukanac.com\/blog\/wp-content\/uploads\/2016\/06\/Paradajz-1024x768.jpg 1024w, http:\/\/www.snezanadukanac.com\/blog\/wp-content\/uploads\/2016\/06\/Paradajz-200x150.jpg 200w, http:\/\/www.snezanadukanac.com\/blog\/wp-content\/uploads\/2016\/06\/Paradajz-150x113.jpg 150w\" sizes=\"(max-width: 300px) 100vw, 300px\" \/><\/p>\n<p><em>Bonjour ch\u00e8res amies, comment allez-vous? Aujourd&rsquo;hui un post non planifi\u00e9. J&rsquo;ai eu une inspiration pour ce post lors d&rsquo;une visite au march\u00e9 o\u00f9 des tomates pay\u00e9es \u00e0 prix d&rsquo;or ont \u00e9t\u00e9 achet\u00e9es. Trois fois plus ch\u00e8res que la normale mais la vendeuse nous a convaincu nous disant que nous n&rsquo;avons sans doute jamais mang\u00e9 des tomates aussi bonnes. Et je ne serais pas moi si je ne faisais pas un \u00ab\u00a0cadeau\u00a0\u00bb \u00e0 ma peau qui est d\u00e9j\u00e0 dans la cat\u00e9gorie des peaux m\u00fbres.<\/em><\/p>\n<p><em>Nous savons d\u00e9j\u00e0 tous que la tomate est bonne pour le c\u0153ur, qu&rsquo;elle regorge de vitamines et de min\u00e9raux et je je vais vous montrer qu&rsquo;elle est aussi tr\u00e8s b\u00e9n\u00e9fique pour la peau. Parmi les vitamines se trouvant dans la tomate, les vitamines C, A et K sont les plus pr\u00e9sentes et font de la tomate, par la m\u00eame occasion, un tr\u00e8s bon produit pour les peaux normales \u00e0 grasses et qui sont \u00e0 tendance acn\u00e9ique. Sachant que les diff\u00e9rents probl\u00e8mes sont plus pr\u00e9sents et intenses en \u00e9t\u00e9. Comment pr\u00e9parer un masque de tomates? C&rsquo;est tr\u00e8s simple, il suffit de couper la tomate en 2 et de l&rsquo;appliquer plusieurs fois sur le visage et le cou lav\u00e9s au pr\u00e9alable. Il faut laisser le masque agir 15 minutes et rincer ensuite \u00e0 l&rsquo;eau claire. Qu&rsquo;obtenez-vous avec ce masque que vous pouvez utiliser o\u00f9 que vous soyez, en vacance ou \u00e0 la maison? A cause de la chaleur et de l&rsquo;humidit\u00e9 souvent tr\u00e8s pr\u00e9sente en \u00e9t\u00e9, votre visage sera plus gras qu&rsquo;\u00e0 l&rsquo;habitude. Ce masque permettra de r\u00e9guler la production de s\u00e9bum de fa\u00e7on naturelle et de r\u00e9duire les pores de votre peau. Ainsi votre visage ne para\u00eetra pas fatigu\u00e9. C&rsquo;est facile, efficace et naturel. Je pense que ce sont des raisons suffisante pour que vous essayiez. A cas o\u00f9 vous \u00eates allergiques \u00e0 la tomate, n&rsquo;utilisez pas ce masque.<\/em><\/p>\n<p><em>Soyez belles, en bonne sant\u00e9 et prenez soin de vous. <\/em><\/p>\n<p><em>A BIENTOT -)))<\/em><\/p>\n<p>&nbsp;<\/p>","protected":false},"excerpt":{"rendered":"<p>Bonjour ch\u00e8res amies, comment allez-vous? Aujourd&rsquo;hui un post non planifi\u00e9. J&rsquo;ai eu une inspiration pour ce post lors d&rsquo;une visite au march\u00e9 o\u00f9 des tomates pay\u00e9es \u00e0 prix d&rsquo;or ont \u00e9t\u00e9 achet\u00e9es. Trois fois plus ch\u00e8res que la normale mais la vendeuse nous a convaincu nous disant que nous n&rsquo;avons &hellip;<\/p>\n","protected":false},"author":3,"featured_media":0,"comment_status":"closed","ping_status":"open","sticky":false,"template":"","format":"standard","meta":[],"categories":[1],"tags":[],"_links":{"self":[{"href":"http:\/\/www.snezanadukanac.com\/blog\/wp-json\/wp\/v2\/posts\/493"}],"collection":[{"href":"http:\/\/www.snezanadukanac.com\/blog\/wp-json\/wp\/v2\/posts"}],"about":[{"href":"http:\/\/www.snezanadukanac.com\/blog\/wp-json\/wp\/v2\/types\/post"}],"author":[{"embeddable":true,"href":"http:\/\/www.snezanadukanac.com\/blog\/wp-json\/wp\/v2\/users\/3"}],"replies":[{"embeddable":true,"href":"http:\/\/www.snezanadukanac.com\/blog\/wp-json\/wp\/v2\/comments?post=493"}],"version-history":[{"count":4,"href":"http:\/\/www.snezanadukanac.com\/blog\/wp-json\/wp\/v2\/posts\/493\/revisions"}],"predecessor-version":[{"id":570,"href":"http:\/\/www.snezanadukanac.com\/blog\/wp-json\/wp\/v2\/posts\/493\/revisions\/570"}],"wp:attachment":[{"href":"http:\/\/www.snezanadukanac.com\/blog\/wp-json\/wp\/v2\/media?parent=493"}],"wp:term":[{"taxonomy":"category","embeddable":true,"href":"http:\/\/www.snezanadukanac.com\/blog\/wp-json\/wp\/v2\/categories?post=493"},{"taxonomy":"post_tag","embeddable":true,"href":"http:\/\/www.snezanadukanac.com\/blog\/wp-json\/wp\/v2\/tags?post=493"}],"curies":[{"name":"wp","href":"https:\/\/api.w.org\/{rel}","templated":true}]}}