{"id":478,"date":"2016-06-05T12:35:36","date_gmt":"2016-06-05T10:35:36","guid":{"rendered":"http:\/\/www.snezanadukanac.com\/blog\/?p=478"},"modified":"2016-08-29T15:57:28","modified_gmt":"2016-08-29T13:57:28","slug":"maska-za-lice-masque-pour-l-visage-face-mask","status":"publish","type":"post","link":"http:\/\/www.snezanadukanac.com\/blog\/2016\/06\/05\/maska-za-lice-masque-pour-l-visage-face-mask\/?lang=fr","title":{"rendered":"Masque pour l&rsquo; visage"},"content":{"rendered":"<p><img loading=\"lazy\" class=\"size-medium wp-image-480 alignleft\" src=\"http:\/\/www.snezanadukanac.com\/blog\/wp-content\/uploads\/2016\/06\/Cica-jagodica-1-225x300.jpg\" alt=\"Cica jagodica\" width=\"225\" height=\"300\" srcset=\"http:\/\/www.snezanadukanac.com\/blog\/wp-content\/uploads\/2016\/06\/Cica-jagodica-1-225x300.jpg 225w, http:\/\/www.snezanadukanac.com\/blog\/wp-content\/uploads\/2016\/06\/Cica-jagodica-1-768x1024.jpg 768w, http:\/\/www.snezanadukanac.com\/blog\/wp-content\/uploads\/2016\/06\/Cica-jagodica-1-113x150.jpg 113w\" sizes=\"(max-width: 225px) 100vw, 225px\" \/><\/p>\n<p><em>Bonjour, comment allez-vous? Aujourd\u2019hui un post \u00e0 propos d\u2019un fruit que l\u2019on trouve en cette saison et qui est <\/em><\/p>\n<p><em>accessible \u00e0 tous. Il s\u2019agit de la fraise. Les Phytoth\u00e9rapeutes nous parlent toujours de cette plante dont toutes les parties sont utilis\u00e9es, la racine, la feuille mais aussi le fruit. En plus d\u2019\u00eatre bonne pour la sant\u00e9, la fraise est un \u00e9lixir de jeunesse. Elee contient de forte teneur en vitamines C, E et B mais aussi d\u2019autres \u00e9l\u00e9ments qui font d\u2019elle la reine des fruits. A cause de la forte concentration en vitamines et en min\u00e9raux, elle fait partie de ce qu\u2019on appelle les fruits \u00ab\u00a0bombe\u00a0\u00bb (\u00e9nerg\u00e9tique) et comme telle elle est sur la liste des fruits dont il faut se \u00ab\u00a0m\u00e9fier\u00a0\u00bb car elle peut provoquer des allergies.\u00a0\u00a0 <\/em><\/p>\n<p><em>Recette pour le masque<\/em><\/p>\n<p><em>Quelques fraises mures<\/em><\/p>\n<p><em>1 cuill\u00e8re \u00e0 caf\u00e9 de miel<\/em><\/p>\n<p><em>1 cuill\u00e8re \u00e0 caf\u00e9 d\u2019huile (d\u2019argan, d\u2019olive ou de noix de coco)<\/em><\/p>\n<p><em>Quelques gouttes de jus citron<\/em><\/p>\n<p><em>ATTENTION<\/em><\/p>\n<p><em>Ce masque est \u00e0 utiliser le soir et \u00e0 cause de la forte concentration en vitamine C, il faut \u00e9viter le soleil. N\u2019utilisez pas ce masque si vous \u00eates allergique \u00e0 certains des ingr\u00e9dients. <\/em><\/p>\n<p><em>Soyez belles, en bonne sant\u00e9 et prenez soin de vous.<\/em><\/p>\n<p><em>A BIENTOT -)))<\/em><\/p>\n<p>&nbsp;<\/p>","protected":false},"excerpt":{"rendered":"<p>Bonjour, comment allez-vous? Aujourd\u2019hui un post \u00e0 propos d\u2019un fruit que l\u2019on trouve en cette saison et qui est accessible \u00e0 tous. Il s\u2019agit de la fraise. Les Phytoth\u00e9rapeutes nous parlent toujours de cette plante dont toutes les parties sont utilis\u00e9es, la racine, la feuille mais aussi le fruit. En &hellip;<\/p>\n","protected":false},"author":3,"featured_media":0,"comment_status":"closed","ping_status":"open","sticky":false,"template":"","format":"standard","meta":[],"categories":[1],"tags":[],"_links":{"self":[{"href":"http:\/\/www.snezanadukanac.com\/blog\/wp-json\/wp\/v2\/posts\/478"}],"collection":[{"href":"http:\/\/www.snezanadukanac.com\/blog\/wp-json\/wp\/v2\/posts"}],"about":[{"href":"http:\/\/www.snezanadukanac.com\/blog\/wp-json\/wp\/v2\/types\/post"}],"author":[{"embeddable":true,"href":"http:\/\/www.snezanadukanac.com\/blog\/wp-json\/wp\/v2\/users\/3"}],"replies":[{"embeddable":true,"href":"http:\/\/www.snezanadukanac.com\/blog\/wp-json\/wp\/v2\/comments?post=478"}],"version-history":[{"count":4,"href":"http:\/\/www.snezanadukanac.com\/blog\/wp-json\/wp\/v2\/posts\/478\/revisions"}],"predecessor-version":[{"id":572,"href":"http:\/\/www.snezanadukanac.com\/blog\/wp-json\/wp\/v2\/posts\/478\/revisions\/572"}],"wp:attachment":[{"href":"http:\/\/www.snezanadukanac.com\/blog\/wp-json\/wp\/v2\/media?parent=478"}],"wp:term":[{"taxonomy":"category","embeddable":true,"href":"http:\/\/www.snezanadukanac.com\/blog\/wp-json\/wp\/v2\/categories?post=478"},{"taxonomy":"post_tag","embeddable":true,"href":"http:\/\/www.snezanadukanac.com\/blog\/wp-json\/wp\/v2\/tags?post=478"}],"curies":[{"name":"wp","href":"https:\/\/api.w.org\/{rel}","templated":true}]}}