{"id":126,"date":"2015-08-23T00:00:30","date_gmt":"2015-08-22T22:00:30","guid":{"rendered":"http:\/\/www.snezanadukanac.com\/blog\/?p=126"},"modified":"2016-08-31T16:10:48","modified_gmt":"2016-08-31T14:10:48","slug":"night-skin-care-for-the-face","status":"publish","type":"post","link":"http:\/\/www.snezanadukanac.com\/blog\/2015\/08\/23\/night-skin-care-for-the-face\/?lang=fr","title":{"rendered":"SOIN DU SOIR POUR LE VISAGE"},"content":{"rendered":"<p>https:\/\/youtu.be\/Aop20EsY2ZA<\/p>\n<p><i>Bonsoir <span lang=\"fr-FR\">mes ch\u00e8res et magnifiques dames. D\u00e9sol\u00e9 pour le retard, voici enfin le nouveau post que vous attendiez, le soin du soir pour le visage. Toutes les recettes des produits pr\u00e9sent\u00e9s sont sur mon blog \u00e0 l&rsquo;exception de la cr\u00e8me de nuit. Personnellement j&rsquo;utilise 2 cr\u00e8mes de nuits que j&rsquo;utilise alternativement. Je vous promets que le prochain post sera les recettes pour les cr\u00e8mes de nuit.<\/span><\/i><\/p>\n<p lang=\"zxx\"><i>Et vous, quel soin utilisez-vous le soir?<\/i><\/p>\n<p lang=\"fr-FR\"><i>Profitez-en bien et on se voit bient\u00f4t -))) <\/i><\/p>\n<p>&nbsp;<\/p>","protected":false},"excerpt":{"rendered":"<p>https:\/\/youtu.be\/Aop20EsY2ZA Bonsoir mes ch\u00e8res et magnifiques dames. D\u00e9sol\u00e9 pour le retard, voici enfin le nouveau post que vous attendiez, le soin du soir pour le visage. Toutes les recettes des produits pr\u00e9sent\u00e9s sont sur mon blog \u00e0 l&rsquo;exception de la cr\u00e8me de nuit. Personnellement j&rsquo;utilise 2 cr\u00e8mes de nuits que &hellip;<\/p>\n","protected":false},"author":3,"featured_media":0,"comment_status":"open","ping_status":"open","sticky":false,"template":"","format":"standard","meta":[],"categories":[1],"tags":[],"_links":{"self":[{"href":"http:\/\/www.snezanadukanac.com\/blog\/wp-json\/wp\/v2\/posts\/126"}],"collection":[{"href":"http:\/\/www.snezanadukanac.com\/blog\/wp-json\/wp\/v2\/posts"}],"about":[{"href":"http:\/\/www.snezanadukanac.com\/blog\/wp-json\/wp\/v2\/types\/post"}],"author":[{"embeddable":true,"href":"http:\/\/www.snezanadukanac.com\/blog\/wp-json\/wp\/v2\/users\/3"}],"replies":[{"embeddable":true,"href":"http:\/\/www.snezanadukanac.com\/blog\/wp-json\/wp\/v2\/comments?post=126"}],"version-history":[{"count":5,"href":"http:\/\/www.snezanadukanac.com\/blog\/wp-json\/wp\/v2\/posts\/126\/revisions"}],"predecessor-version":[{"id":633,"href":"http:\/\/www.snezanadukanac.com\/blog\/wp-json\/wp\/v2\/posts\/126\/revisions\/633"}],"wp:attachment":[{"href":"http:\/\/www.snezanadukanac.com\/blog\/wp-json\/wp\/v2\/media?parent=126"}],"wp:term":[{"taxonomy":"category","embeddable":true,"href":"http:\/\/www.snezanadukanac.com\/blog\/wp-json\/wp\/v2\/categories?post=126"},{"taxonomy":"post_tag","embeddable":true,"href":"http:\/\/www.snezanadukanac.com\/blog\/wp-json\/wp\/v2\/tags?post=126"}],"curies":[{"name":"wp","href":"https:\/\/api.w.org\/{rel}","templated":true}]}}