{"id":121,"date":"2015-08-13T10:22:39","date_gmt":"2015-08-13T08:22:39","guid":{"rendered":"http:\/\/www.snezanadukanac.com\/blog\/?p=121"},"modified":"2016-08-31T16:12:49","modified_gmt":"2016-08-31T14:12:49","slug":"maska-za-brzu-regeneraciju-lica-masque-de-regeneration-rapide-fast-regenerative-mask","status":"publish","type":"post","link":"http:\/\/www.snezanadukanac.com\/blog\/2015\/08\/13\/maska-za-brzu-regeneraciju-lica-masque-de-regeneration-rapide-fast-regenerative-mask\/?lang=fr","title":{"rendered":"Masque de regeneration rapide"},"content":{"rendered":"<p><a href=\"http:\/\/www.snezanadukanac.com\/blog\/wp-content\/uploads\/2015\/08\/maska.jpg\"><img loading=\"lazy\" class=\"size-medium wp-image-122 alignleft\" src=\"http:\/\/www.snezanadukanac.com\/blog\/wp-content\/uploads\/2015\/08\/maska-169x300.jpg\" alt=\"maska\" width=\"169\" height=\"300\" srcset=\"http:\/\/www.snezanadukanac.com\/blog\/wp-content\/uploads\/2015\/08\/maska-169x300.jpg 169w, http:\/\/www.snezanadukanac.com\/blog\/wp-content\/uploads\/2015\/08\/maska-576x1024.jpg 576w, http:\/\/www.snezanadukanac.com\/blog\/wp-content\/uploads\/2015\/08\/maska-84x150.jpg 84w\" sizes=\"(max-width: 169px) 100vw, 169px\" \/><\/a><em>Bonjour Mesdames, comment allez-vous? Que faites-vous de votre temps en cet \u00e9t\u00e9 torride? Pour ma part, je passe mon temps \u00e0 voyager et de ce fait je n\u2019ai pas les conditions ad\u00e9quates pour prendre soin correctement de mon visage et de mon corps. J\u2019utilise alors mes diff\u00e9rents petits trucs. Entre deux escapades, lorsque je suis \u00e0 la maison, je me consacre un peu plus de temps et je retrouve tr\u00e8s vite mes habitudes de beaut\u00e9 av\u00e9r\u00e9e. Aujourd\u2019hui je vous livre la recette pour un masque qui sur moi r\u00e9g\u00e9n\u00e8re TOUJOURS la peau apr\u00e8s juste une utilisation. Ce masque \u00e9tait mon favori lorsque j\u2019\u00e9tais enceinte de mon fils qui aujourd\u2019hui a 5 ans. Je l\u2019ai \u00e9galement utilis\u00e9 lors de ma seconde grossesse.<\/em><\/p>\n<p><em>N.B: Je ne suis pas m\u00e9decin, j\u2019ai utilis\u00e9 le masque lors de mes grossesses mais je vous demande de prendre conseil aupr\u00e8s de votre m\u00e9decin. Evidemment, si vous \u00eates allergique \u00e0 l\u2019un des ingr\u00e9dients, n\u2019utilisez pas ce masque.<\/em><\/p>\n<p><em>Recette: <\/em><\/p>\n<p><em>M\u00e9langez la cr\u00e8me fraiche, le yaourt ou le yoghourt \u00e0 la grecque avec un peu de jus de citron. Appliquez le masque uniform\u00e9ment sur votre visage que vous aurez lav\u00e9 au pr\u00e9alable et laissez-le au moins 15 minutes. <\/em><\/p>\n<p><em>En r\u00e8gle g\u00e9n\u00e9ral, j\u2019utilise se masque apr\u00e8s avoir rang\u00e9 la maison, une fois que les enfants sont couch\u00e9 et que je me lance dans ma session de comm\u00e9rage avec mes copines sur Skype\u00a0\ud83d\ude09\u00a0. Ce masque est pour tout type de peaux. Je mets aussi en ligne une photo que mon mari a prise en \u00ab\u00a0me faisant chanter\u00a0\u00bb qu\u2019il allait la poster sur Facebook. Quoiqu\u2019il en soit, je la poste moi-m\u00eame et je vous recommande chaudement d\u2019essayer ce masque miraculeux. Il est vraiment efficace et il ne vous faut que quelques minutes pour le pr\u00e9parer. Profitez-en bien et dites-moi ce que vous en pensez.<\/em><\/p>\n<p><em>A BIENTOT -))) <\/em><\/p>\n<p>&nbsp;<\/p>\n<p>&nbsp;<\/p>","protected":false},"excerpt":{"rendered":"<p>Bonjour Mesdames, comment allez-vous? Que faites-vous de votre temps en cet \u00e9t\u00e9 torride? Pour ma part, je passe mon temps \u00e0 voyager et de ce fait je n\u2019ai pas les conditions ad\u00e9quates pour prendre soin correctement de mon visage et de mon corps. J\u2019utilise alors mes diff\u00e9rents petits trucs. Entre &hellip;<\/p>\n","protected":false},"author":3,"featured_media":0,"comment_status":"open","ping_status":"open","sticky":false,"template":"","format":"standard","meta":[],"categories":[1],"tags":[],"_links":{"self":[{"href":"http:\/\/www.snezanadukanac.com\/blog\/wp-json\/wp\/v2\/posts\/121"}],"collection":[{"href":"http:\/\/www.snezanadukanac.com\/blog\/wp-json\/wp\/v2\/posts"}],"about":[{"href":"http:\/\/www.snezanadukanac.com\/blog\/wp-json\/wp\/v2\/types\/post"}],"author":[{"embeddable":true,"href":"http:\/\/www.snezanadukanac.com\/blog\/wp-json\/wp\/v2\/users\/3"}],"replies":[{"embeddable":true,"href":"http:\/\/www.snezanadukanac.com\/blog\/wp-json\/wp\/v2\/comments?post=121"}],"version-history":[{"count":2,"href":"http:\/\/www.snezanadukanac.com\/blog\/wp-json\/wp\/v2\/posts\/121\/revisions"}],"predecessor-version":[{"id":634,"href":"http:\/\/www.snezanadukanac.com\/blog\/wp-json\/wp\/v2\/posts\/121\/revisions\/634"}],"wp:attachment":[{"href":"http:\/\/www.snezanadukanac.com\/blog\/wp-json\/wp\/v2\/media?parent=121"}],"wp:term":[{"taxonomy":"category","embeddable":true,"href":"http:\/\/www.snezanadukanac.com\/blog\/wp-json\/wp\/v2\/categories?post=121"},{"taxonomy":"post_tag","embeddable":true,"href":"http:\/\/www.snezanadukanac.com\/blog\/wp-json\/wp\/v2\/tags?post=121"}],"curies":[{"name":"wp","href":"https:\/\/api.w.org\/{rel}","templated":true}]}}