{"id":1052,"date":"2018-09-17T09:39:00","date_gmt":"2018-09-17T07:39:00","guid":{"rendered":"http:\/\/www.snezanadukanac.com\/blog\/?p=1052"},"modified":"2018-09-17T09:44:09","modified_gmt":"2018-09-17T07:44:09","slug":"maska-za-cisto-lice-bez-bubuljica","status":"publish","type":"post","link":"http:\/\/www.snezanadukanac.com\/blog\/2018\/09\/17\/maska-za-cisto-lice-bez-bubuljica\/?lang=fr","title":{"rendered":"Masque pour un visage propre sans acn\u00e9"},"content":{"rendered":"<p><img loading=\"lazy\" src=\"http:\/\/www.snezanadukanac.com\/blog\/wp-content\/uploads\/2018\/08\/LVSR-logo.jpg\" alt=\"\" width=\"800\" height=\"800\" class=\"alignleft size-full wp-image-1048\" srcset=\"http:\/\/www.snezanadukanac.com\/blog\/wp-content\/uploads\/2018\/08\/LVSR-logo.jpg 800w, http:\/\/www.snezanadukanac.com\/blog\/wp-content\/uploads\/2018\/08\/LVSR-logo-150x150.jpg 150w, http:\/\/www.snezanadukanac.com\/blog\/wp-content\/uploads\/2018\/08\/LVSR-logo-300x300.jpg 300w, http:\/\/www.snezanadukanac.com\/blog\/wp-content\/uploads\/2018\/08\/LVSR-logo-768x768.jpg 768w, http:\/\/www.snezanadukanac.com\/blog\/wp-content\/uploads\/2018\/08\/LVSR-logo-600x600.jpg 600w, http:\/\/www.snezanadukanac.com\/blog\/wp-content\/uploads\/2018\/08\/LVSR-logo-100x100.jpg 100w\" sizes=\"(max-width: 800px) 100vw, 800px\" \/><\/p>\n<p>Bonjour, comment allez-vous ? L\u2019automne sera bient\u00f4t \u00e0 nos portes. Durant l\u2019\u00e9t\u00e9 beaucoup de femmes ne font pas suffisamment attention \u00e0 leur peau et surtout celle qui ont la peau grasse ou \u00e0 tendance grasse. La raison en est s\u00fbrement que ces femmes pensent qu\u2019aucun soin n\u2019est n\u00e9cessaire \u00e0 cause de l\u2019exc\u00e8s de s\u00e9bum caus\u00e9 par les conditions climatiques et l\u2019humidit\u00e9 de l\u2019air. La premi\u00e8re fois lorsque l\u2019une de mes clientes m\u2019en a parl\u00e9, je dois l\u2019avouer, j\u2019\u00e9tais tr\u00e8s \u00e9tonn\u00e9e. Les cons\u00e9quences du manque de soin estivale sont plus que visible puisqu\u2019il se manifeste par une peau d\u00e9shydrat\u00e9e, grise, fatigu\u00e9e et tr\u00e8s souvent des boutons apparaissent et ont du mal \u00e0 disparaitre. Un plus gros probl\u00e8me encore sont les cicatrices temporaires du au boutons et qui apr\u00e8s la disparition de ceci restent pr\u00e9sent encore longtemps sur la peau, parfois m\u00eame pendant un mois et demi. Si nous mettons de c\u00f4t\u00e9 le d\u00e9r\u00e8glement hormonal c\u2019est-\u00e0-dire des probl\u00e8mes de sant\u00e9, les boutons sont dus \u00e0 une accumulation de bact\u00e9ries qui provoquent des inflammations. Bien s\u00fbre, \u00e7a n\u2019est qu\u2019une des causes. Dans le post d\u2019aujourd\u2019hui, je souhaite partager avec vous la recette pour un masque naturel du visage pour se d\u00e9barrasser des \u00e9ventuels boutons qui pourrait apparaitre sur notre visage. Sur notre visage, plus pr\u00e9cis\u00e9ment sur notre peau nous avons aussi de bonnes bact\u00e9ries qui prot\u00e8gent notre peau. Le yahourt est un probiotique naturel qui nourrit \u00e9galement notre peau. Combin\u00e9 \u00e0 l\u2019avocat, nous obtenons une formule parfaite pour nourrir notre peau.<br \/>\nRecette<br \/>\nM\u00e9lang\u00e9 un yahourt grec avec l\u2019avocat et faites-en une pate que vous appliquerez sur votre peau. Laissez le masque une vingtaine de minutes puis rincez le visage \u00e0 l\u2019eau ti\u00e8de, s\u00e9chez et appliquez une cr\u00e8me de nuit nourrissante. Si vous souhaitez vraiment faire plaisir \u00e0 votre peau, rajoutez \u00e0 ce masque \u00bd cuill\u00e8re \u00e0 caf\u00e9 d\u2019huile de jojoba et quelques gouttes d\u2019huile essentielle de lavande.<br \/>\nNOTA BENE<br \/>\nD\u2019abord m\u00e9langer l\u2019huile de lavande \u00e0 l\u2019huile de jojoba puis incorpor\u00e9 au masque. Nous ne devons pas oublier que les huiles essentielles se dissolvent dans diff\u00e9rentes huiles et de cette fa\u00e7on nous pouvons utiliser de fa\u00e7on optimale les bienfaits de la lavande dans le masque.<br \/>\nCe sera tout pour aujourd\u2019hui. Dans le prochain post je d\u00e9sire partager une histoire avec vous. Cet \u00e9t\u00e9 j\u2019ai rencontr\u00e9 une femme qui m\u2019a inspir\u00e9, dont l\u2019\u00e2me brille de mille feux et qui a toujours le sourire aux l\u00e8vres. Je lui ai demand\u00e9 un conseil de beaut\u00e9\u2026 et je vous en parlerai dans le prochain post. ?<br \/>\nSoyez belle, en bonne sant\u00e9 et prenez soin de vous.<br \/>\nA Bient\u00f4t -)))    <\/p>\n<p><\/p>","protected":false},"excerpt":{"rendered":"<p>Bonjour, comment allez-vous ? L\u2019automne sera bient\u00f4t \u00e0 nos portes. Durant l\u2019\u00e9t\u00e9 beaucoup de femmes ne font pas suffisamment attention \u00e0 leur peau et surtout celle qui ont la peau grasse ou \u00e0 tendance grasse. La raison en est s\u00fbrement que ces femmes pensent qu\u2019aucun soin n\u2019est n\u00e9cessaire \u00e0 cause &hellip;<\/p>\n","protected":false},"author":3,"featured_media":0,"comment_status":"closed","ping_status":"open","sticky":false,"template":"","format":"standard","meta":[],"categories":[1],"tags":[],"_links":{"self":[{"href":"http:\/\/www.snezanadukanac.com\/blog\/wp-json\/wp\/v2\/posts\/1052"}],"collection":[{"href":"http:\/\/www.snezanadukanac.com\/blog\/wp-json\/wp\/v2\/posts"}],"about":[{"href":"http:\/\/www.snezanadukanac.com\/blog\/wp-json\/wp\/v2\/types\/post"}],"author":[{"embeddable":true,"href":"http:\/\/www.snezanadukanac.com\/blog\/wp-json\/wp\/v2\/users\/3"}],"replies":[{"embeddable":true,"href":"http:\/\/www.snezanadukanac.com\/blog\/wp-json\/wp\/v2\/comments?post=1052"}],"version-history":[{"count":2,"href":"http:\/\/www.snezanadukanac.com\/blog\/wp-json\/wp\/v2\/posts\/1052\/revisions"}],"predecessor-version":[{"id":1054,"href":"http:\/\/www.snezanadukanac.com\/blog\/wp-json\/wp\/v2\/posts\/1052\/revisions\/1054"}],"wp:attachment":[{"href":"http:\/\/www.snezanadukanac.com\/blog\/wp-json\/wp\/v2\/media?parent=1052"}],"wp:term":[{"taxonomy":"category","embeddable":true,"href":"http:\/\/www.snezanadukanac.com\/blog\/wp-json\/wp\/v2\/categories?post=1052"},{"taxonomy":"post_tag","embeddable":true,"href":"http:\/\/www.snezanadukanac.com\/blog\/wp-json\/wp\/v2\/tags?post=1052"}],"curies":[{"name":"wp","href":"https:\/\/api.w.org\/{rel}","templated":true}]}}