{"id":1047,"date":"2018-08-23T08:02:11","date_gmt":"2018-08-23T06:02:11","guid":{"rendered":"http:\/\/www.snezanadukanac.com\/blog\/?p=1047"},"modified":"2018-09-16T19:26:48","modified_gmt":"2018-09-16T17:26:48","slug":"u-inat-borama","status":"publish","type":"post","link":"http:\/\/www.snezanadukanac.com\/blog\/2018\/08\/23\/u-inat-borama\/?lang=fr","title":{"rendered":"Un pied de nez aux rides"},"content":{"rendered":"<p><img loading=\"lazy\" src=\"http:\/\/www.snezanadukanac.com\/blog\/wp-content\/uploads\/2018\/08\/LVSR-logo.jpg\" alt=\"\" width=\"800\" height=\"800\" class=\"alignleft size-full wp-image-1048\" srcset=\"http:\/\/www.snezanadukanac.com\/blog\/wp-content\/uploads\/2018\/08\/LVSR-logo.jpg 800w, http:\/\/www.snezanadukanac.com\/blog\/wp-content\/uploads\/2018\/08\/LVSR-logo-150x150.jpg 150w, http:\/\/www.snezanadukanac.com\/blog\/wp-content\/uploads\/2018\/08\/LVSR-logo-300x300.jpg 300w, http:\/\/www.snezanadukanac.com\/blog\/wp-content\/uploads\/2018\/08\/LVSR-logo-768x768.jpg 768w, http:\/\/www.snezanadukanac.com\/blog\/wp-content\/uploads\/2018\/08\/LVSR-logo-600x600.jpg 600w, http:\/\/www.snezanadukanac.com\/blog\/wp-content\/uploads\/2018\/08\/LVSR-logo-100x100.jpg 100w\" sizes=\"(max-width: 800px) 100vw, 800px\" \/><\/p>\n<p>Bonjour, comment allez-vous ? Profitez-vous de ces belles journ\u00e9es estivales ? Lorsqu&rsquo;il fait beau nous sommes tous de meilleure humeur et c&rsquo;est le bon moment pour faire quelque chose pour soi. Si vous suivez mon blog r\u00e9guli\u00e8rement vous savez d\u00e9j\u00e0 que je crois aux recettes faciles dont on voit les effets tout de suite.<br \/>\nNotre peau est notre plus grand organe qui parfois \u00e0 faim et notre mission est de le nourrir. C&rsquo;est une erreur de croire que de prendre soin de soi co\u00fbte cher et consiste en des traitements on\u00e9reux et qui prennent du temps. Bien au contraire, avec un peu d&rsquo;attention et un peu de temps nous pouvons rayonner de mille feux.<br \/>\nL&rsquo;avocat est mon fruit pr\u00e9f\u00e9r\u00e9. En plus de tous les bienfaits qu&rsquo;il octroi il faut aussi souligner qu&rsquo;il est pr\u00e9cieux dans le domaine de la beaut\u00e9. Les \u00e9tudes ont montr\u00e9 que les personnes qui mangent r\u00e9guli\u00e8rement des avocats sont en bien meilleure sant\u00e9 et ont un m\u00e9tabolisme bien plus rapide que la normale. Il est donc excellent pour tous ceux qui font attention \u00e0 leur sant\u00e9 mais aussi \u00e0 leur poids id\u00e9al. Il est compos\u00e9 d&rsquo;une multitude de vitamines, de min\u00e9raux et d&rsquo;acide gras essentiel pour le bon fonctionnement de nos organes. L&rsquo;avocat se trouve dans le sommet des fruits et l\u00e9gumes qui rajeunissent. Les vitamines qu&rsquo;il contient b\u00e9n\u00e9ficient pleinement \u00e0 notre organisme mais lorsqu&rsquo;il s&rsquo;agit de la beaut\u00e9 la concentration de vitamine E et A est d\u00e9terminante pour couronner ce fruit tropical et le nommer roi des aliments anti-vieillesse.<br \/>\nJ&rsquo;ai d\u00e9j\u00e0 \u00e9crit \u00e0 propos des bienfaits de l&rsquo;avocat et vous pouvez trouver sur mon blog les recettes s&rsquo;y r\u00e9f\u00e9rant.<\/p>\n<blockquote class=\"wp-embedded-content\" data-secret=\"wB8ZjRtDul\"><p><a href=\"http:\/\/www.snezanadukanac.com\/blog\/2015\/10\/02\/maska-od-avokada-avocado-mask\/\">Masque d&#8217;avocat<\/a><\/p><\/blockquote>\n<p><iframe class=\"wp-embedded-content\" sandbox=\"allow-scripts\" security=\"restricted\" style=\"position: absolute; clip: rect(1px, 1px, 1px, 1px);\" src=\"http:\/\/www.snezanadukanac.com\/blog\/2015\/10\/02\/maska-od-avokada-avocado-mask\/embed\/#?secret=wB8ZjRtDul\" data-secret=\"wB8ZjRtDul\" width=\"600\" height=\"338\" title=\"&#8220;Masque d&#8217;avocat&#8221; &#8212; Sne\u017eana Dukanac \/ La vie sans rides\" frameborder=\"0\" marginwidth=\"0\" marginheight=\"0\" scrolling=\"no\"><\/iframe><\/p>\n<p>Aujourd&rsquo;hui je vous propose une recette facile et quelque peu curieuse. Je suis certaine que vous avez tous au moins une fois essay\u00e9 un masque \u00e0 base d&rsquo;avocat. Pour ce masque, nous allons utiliser la peau de l&rsquo;avocat, plus pr\u00e9cis\u00e9ment l&rsquo;int\u00e9rieur. Apr\u00e8s avoir lav\u00e9 le visage frottez le avec l&rsquo;int\u00e9rieur de la peau sur laquelle il reste un peu de chaire de ce fruit exotique. L&rsquo;id\u00e9al serait de faire un l\u00e9ger gommage au pr\u00e9alable. Vous pouvez de la m\u00eame fa\u00e7on utiliser une peau de banane. J&rsquo;en ai parl\u00e9 dans un de mes posts :<\/p>\n<blockquote class=\"wp-embedded-content\" data-secret=\"6wVEHPvocc\"><p><a href=\"http:\/\/www.snezanadukanac.com\/blog\/2016\/03\/18\/banana-peel\/\">Banana peel<\/a><\/p><\/blockquote>\n<p><iframe class=\"wp-embedded-content\" sandbox=\"allow-scripts\" security=\"restricted\" style=\"position: absolute; clip: rect(1px, 1px, 1px, 1px);\" src=\"http:\/\/www.snezanadukanac.com\/blog\/2016\/03\/18\/banana-peel\/embed\/#?secret=6wVEHPvocc\" data-secret=\"6wVEHPvocc\" width=\"600\" height=\"338\" title=\"&#8220;Banana peel&#8221; &#8212; Sne\u017eana Dukanac \/ La vie sans rides\" frameborder=\"0\" marginwidth=\"0\" marginheight=\"0\" scrolling=\"no\"><\/iframe><\/p>\n<p>Revenons \u00e0 nos moutons, donc frottez bien le visage, le cou et le d\u00e9collet\u00e9 puis laissez s\u00e9cher. Ensuite rincez les parties trait\u00e9es et appliquez votre cr\u00e8me hydratante habituelle. Vous pouvez utiliser ce traitement si vous n&rsquo;\u00eates pas allergique \u00e0 l&rsquo;avocat et de pr\u00e9f\u00e9rence le soir comme tout autre masque. Voici un beau pied de nez aux rides et aux ann\u00e9es qui passent \u263a<br \/>\nSoyez belle, en bonne sant\u00e9 et prenez soin de vous<br \/>\nA BIENTOT -)))<\/p>\n<p><\/p>","protected":false},"excerpt":{"rendered":"<p>Bonjour, comment allez-vous ? Profitez-vous de ces belles journ\u00e9es estivales ? Lorsqu&rsquo;il fait beau nous sommes tous de meilleure humeur et c&rsquo;est le bon moment pour faire quelque chose pour soi. Si vous suivez mon blog r\u00e9guli\u00e8rement vous savez d\u00e9j\u00e0 que je crois aux recettes faciles dont on voit les &hellip;<\/p>\n","protected":false},"author":3,"featured_media":0,"comment_status":"closed","ping_status":"open","sticky":false,"template":"","format":"standard","meta":[],"categories":[1],"tags":[],"_links":{"self":[{"href":"http:\/\/www.snezanadukanac.com\/blog\/wp-json\/wp\/v2\/posts\/1047"}],"collection":[{"href":"http:\/\/www.snezanadukanac.com\/blog\/wp-json\/wp\/v2\/posts"}],"about":[{"href":"http:\/\/www.snezanadukanac.com\/blog\/wp-json\/wp\/v2\/types\/post"}],"author":[{"embeddable":true,"href":"http:\/\/www.snezanadukanac.com\/blog\/wp-json\/wp\/v2\/users\/3"}],"replies":[{"embeddable":true,"href":"http:\/\/www.snezanadukanac.com\/blog\/wp-json\/wp\/v2\/comments?post=1047"}],"version-history":[{"count":2,"href":"http:\/\/www.snezanadukanac.com\/blog\/wp-json\/wp\/v2\/posts\/1047\/revisions"}],"predecessor-version":[{"id":1051,"href":"http:\/\/www.snezanadukanac.com\/blog\/wp-json\/wp\/v2\/posts\/1047\/revisions\/1051"}],"wp:attachment":[{"href":"http:\/\/www.snezanadukanac.com\/blog\/wp-json\/wp\/v2\/media?parent=1047"}],"wp:term":[{"taxonomy":"category","embeddable":true,"href":"http:\/\/www.snezanadukanac.com\/blog\/wp-json\/wp\/v2\/categories?post=1047"},{"taxonomy":"post_tag","embeddable":true,"href":"http:\/\/www.snezanadukanac.com\/blog\/wp-json\/wp\/v2\/tags?post=1047"}],"curies":[{"name":"wp","href":"https:\/\/api.w.org\/{rel}","templated":true}]}}